{"id":27817,"date":"2022-03-23T08:44:48","date_gmt":"2022-03-23T08:44:48","guid":{"rendered":"https:\/\/gagauziadialogue.md\/?p=27817"},"modified":"2023-11-29T09:11:58","modified_gmt":"2023-11-29T09:11:58","slug":"grupul-de-lucru-parlamentar-privind-gagauzia-si-a-lansat-activitatea-in-noua-componenta","status":"publish","type":"post","link":"https:\/\/gagauziadialogue.md\/ro\/grupul-de-lucru-parlamentar-privind-gagauzia-si-a-lansat-activitatea-in-noua-componenta\/","title":{"rendered":"Grupul de lucru parlamentar privind G\u0103g\u0103uzia \u00eencepe activitatea \u00een noua componen\u021b\u0103"},"content":{"rendered":"\n<p>\u0218edin\u021ba de lansare a activit\u0103\u021bii Grupului de lucru pentru asigurarea, \u00een cadrul normelor constitu\u021bionale, a func\u021bionalit\u0103\u021bii UTA G\u0103g\u0103uzia \u0219i a prevederilor legislative ale Republicii Moldova \u00een raport cu statutul special al Unit\u0103\u021bii teritoriale autonome&nbsp; G\u0103g\u0103uzia, \u00een noua componen\u021b\u0103, a avut loc la 22 martie 2022 la sediul Parlamentului.<\/p>\n\n\n<div class=\"news-detail__slider-wrap\"><div class=\"news-detail__slider\"><div class=\"news-detail__slider-item\"><img decoding=\"async\" src=\"https:\/\/gagauziadialogue.md\/wp-content\/uploads\/2022\/03\/277248909_1662369467441184_4041878615174450705_n.jpg\" alt=\"news\"><\/div><div class=\"news-detail__slider-item\"><img decoding=\"async\" src=\"https:\/\/gagauziadialogue.md\/wp-content\/uploads\/2022\/03\/276242510_518231549666137_6370514008342787279_n.jpg\" alt=\"news\"><\/div><div class=\"news-detail__slider-item\"><img decoding=\"async\" src=\"https:\/\/gagauziadialogue.md\/wp-content\/uploads\/2022\/03\/277003721_518231536332805_2388562712999388049_n.jpg\" alt=\"news\"><\/div><div class=\"news-detail__slider-item\"><img decoding=\"async\" src=\"https:\/\/gagauziadialogue.md\/wp-content\/uploads\/2022\/03\/276318226_518231822999443_4865662232311533523_n.jpg\" alt=\"news\"><\/div><div class=\"news-detail__slider-item\"><img decoding=\"async\" src=\"https:\/\/gagauziadialogue.md\/wp-content\/uploads\/2022\/03\/276213247_518232166332742_3185819616593408442_n.jpg\" alt=\"news\"><\/div><div class=\"news-detail__slider-item\"><img decoding=\"async\" src=\"https:\/\/gagauziadialogue.md\/wp-content\/uploads\/2022\/03\/276996851_518232112999414_936912680224942211_n.jpg\" alt=\"news\"><\/div><div class=\"news-detail__slider-item\"><img decoding=\"async\" src=\"https:\/\/gagauziadialogue.md\/wp-content\/uploads\/2022\/03\/277245502_1662369290774535_6534249107355392279_n.jpg\" alt=\"news\"><\/div><div class=\"news-detail__slider-item\"><img decoding=\"async\" src=\"https:\/\/gagauziadialogue.md\/wp-content\/uploads\/2022\/03\/276278945_518232202999405_7891559386503649891_n.jpg\" alt=\"news\"><\/div><div class=\"news-detail__slider-item\"><img decoding=\"async\" src=\"https:\/\/gagauziadialogue.md\/wp-content\/uploads\/2022\/03\/276213119_518232086332750_4340773253900163000_n.jpg\" alt=\"news\"><\/div><div class=\"news-detail__slider-item\"><img decoding=\"async\" src=\"https:\/\/gagauziadialogue.md\/wp-content\/uploads\/2022\/03\/277106203_518232032999422_351885853424351160_n.jpg\" alt=\"news\"><\/div><div class=\"news-detail__slider-item\"><img decoding=\"async\" src=\"https:\/\/gagauziadialogue.md\/wp-content\/uploads\/2022\/03\/277174826_518232012999424_1826889789628060320_n.jpg\" alt=\"news\"><\/div><div class=\"news-detail__slider-item\"><img decoding=\"async\" src=\"https:\/\/gagauziadialogue.md\/wp-content\/uploads\/2022\/03\/276321680_518231926332766_2120837234049429088_n.jpg\" alt=\"news\"><\/div><div class=\"news-detail__slider-item\"><img decoding=\"async\" src=\"https:\/\/gagauziadialogue.md\/wp-content\/uploads\/2022\/03\/277007804_518231852999440_4423169498239622481_n.jpg\" alt=\"news\"><\/div><div class=\"news-detail__slider-item\"><img decoding=\"async\" src=\"https:\/\/gagauziadialogue.md\/wp-content\/uploads\/2022\/03\/277079255_518231726332786_2835503157581886520_n.jpg\" alt=\"news\"><\/div><div class=\"news-detail__slider-item\"><img decoding=\"async\" src=\"https:\/\/gagauziadialogue.md\/wp-content\/uploads\/2022\/03\/276288245_518231669666125_8081678321799294090_n.jpg\" alt=\"news\"><\/div><div class=\"news-detail__slider-item\"><img decoding=\"async\" src=\"https:\/\/gagauziadialogue.md\/wp-content\/uploads\/2022\/03\/276288332_518231576332801_402989167892927852_n.jpg\" alt=\"news\"><\/div><\/div><\/div>\n\n\n<p>Pre\u0219edintele Parlamentului Republicii Moldova, Igor Grosu, a salutat reluarea activit\u0103\u021bii Grupului de lucru parlamentar privind G\u0103g\u0103uzia, dup\u0103 constituirea organelor de conducere ale Adun\u0103rii Populare a G\u0103g\u0103uziei. Totodat\u0103, \u0219eful Legislativului a men\u021bionat c\u0103 aceasta se \u00eent\u00e2mpl\u0103 \u00eentr-o perioad\u0103 dificil\u0103 pentru \u021bara noastr\u0103, marcat\u0103 de mai multe crize.<\/p>\n\n\n\n<div class=\"wp-block-media-text alignwide is-stacked-on-mobile\"><figure class=\"wp-block-media-text__media\"><img loading=\"lazy\" decoding=\"async\" width=\"615\" height=\"410\" src=\"https:\/\/gagauziadialogue.md\/wp-content\/uploads\/2022\/03\/276318226_518231822999443_4865662232311533523_n-615x410.jpg\" alt=\"\" class=\"wp-image-27845 size-full\" srcset=\"https:\/\/gagauziadialogue.md\/wp-content\/uploads\/2022\/03\/276318226_518231822999443_4865662232311533523_n-615x410.jpg 615w, https:\/\/gagauziadialogue.md\/wp-content\/uploads\/2022\/03\/276318226_518231822999443_4865662232311533523_n-285x190.jpg 285w, https:\/\/gagauziadialogue.md\/wp-content\/uploads\/2022\/03\/276318226_518231822999443_4865662232311533523_n-768x512.jpg 768w, https:\/\/gagauziadialogue.md\/wp-content\/uploads\/2022\/03\/276318226_518231822999443_4865662232311533523_n.jpg 1500w\" sizes=\"auto, (max-width: 615px) 100vw, 615px\" \/><\/figure><div class=\"wp-block-media-text__content\">\n<blockquote class=\"wp-block-quote is-layout-flow wp-block-quote-is-layout-flow\"><p>Noi trebuie s\u0103 facem fa\u021b\u0103 acestor provoc\u0103ri majore, lucru posibil doar printr-un dialog. De aceea apelul nostru c\u0103tre membrii Grupului este s\u0103 comunice intens, s\u0103 ac\u021bioneze rapid \u0219i, cu ajutorul partenerilor de dezvoltare, s\u0103 identifice cele mai bune solu\u021bii a\u0219teptate de cet\u0103\u021beni.<\/p><cite>a declarat Igor Grosu<\/cite><\/blockquote>\n<\/div><\/div>\n\n\n\n<p>Guvernatorul UTA G\u0103g\u0103uzia, Irina Vlah, a confirmat c\u0103 sarcina prioritar\u0103 comun\u0103 este consolidarea unit\u0103\u021bii societ\u0103\u021bii \u0219i cre\u0219terea culturii democratice \u0219i a \u00eendemnat membrii Grupului&nbsp; s\u0103 elaboreze o agend\u0103 comun\u0103.<\/p>\n\n\n\n<div class=\"wp-block-media-text alignwide is-stacked-on-mobile\"><figure class=\"wp-block-media-text__media\"><img loading=\"lazy\" decoding=\"async\" width=\"615\" height=\"410\" src=\"https:\/\/gagauziadialogue.md\/wp-content\/uploads\/2022\/03\/277169195_1662369194107878_775275414860563331_n-615x410.jpg\" alt=\"\" class=\"wp-image-27881 size-full\" srcset=\"https:\/\/gagauziadialogue.md\/wp-content\/uploads\/2022\/03\/277169195_1662369194107878_775275414860563331_n-615x410.jpg 615w, https:\/\/gagauziadialogue.md\/wp-content\/uploads\/2022\/03\/277169195_1662369194107878_775275414860563331_n-285x190.jpg 285w, https:\/\/gagauziadialogue.md\/wp-content\/uploads\/2022\/03\/277169195_1662369194107878_775275414860563331_n-768x512.jpg 768w, https:\/\/gagauziadialogue.md\/wp-content\/uploads\/2022\/03\/277169195_1662369194107878_775275414860563331_n-1536x1024.jpg 1536w, https:\/\/gagauziadialogue.md\/wp-content\/uploads\/2022\/03\/277169195_1662369194107878_775275414860563331_n.jpg 1593w\" sizes=\"auto, (max-width: 615px) 100vw, 615px\" \/><\/figure><div class=\"wp-block-media-text__content\">\n<blockquote class=\"wp-block-quote is-layout-flow wp-block-quote-is-layout-flow\"><p>Ave\u021bi un avantaj important \u2013 sprijinul generos al partenerilor de dezvoltare ai Republicii Moldova. Pe baza celor mai bune practici ale parlamentarismului, pute\u021bi ob\u021bine rezultate semnificative \u00een procesul de armonizare a legisla\u021biei na\u021bionale \u0219i regionale. Fiecare compromis la care se ajunge pe aceast\u0103 platform\u0103 va servi la consolidarea culturii democratice \u0219i a unit\u0103\u021bii societ\u0103\u021bii noastre.<\/p><cite>a men\u021bionat Irina Vlah<\/cite><\/blockquote>\n<\/div><\/div>\n\n\n\n<p>\u00cen cadrul \u0219edin\u021bei copre\u0219edin\u021bii Grupului de lucru \u2013 Vladimir Bolea, deputat \u00een Parlamentul Republicii Moldova,&nbsp;\u0219i&nbsp;Serghei Cimpoie\u0219, membru al Adun\u0103rii Populare a G\u0103g\u0103uziei, au reiterat disponibilitatea \u0219i interesul pentru un dialog constructiv \u00een cadrul grupului de lucru, restabilirea func\u021bionalit\u0103\u021bii depline a acestui instrument important \u00een dialogul dintre Chi\u0219in\u0103u \u0219i Comrat.<\/p>\n\n\n\n<p>La eveniment au participat reprezentan\u021bi ai CMI \u2013 Funda\u021bia pentru pace Martti Ahtisaari \u0219i parteneri de dezvoltare ai Republicii Moldova ca Ambasadele Suediei \u0219i SUA dar \u0219i OSCE, UNDP. Ace\u0219tia au salutat lansarea activit\u0103\u021bii Grupului de lucru parlamentar privind G\u0103g\u0103uzia, \u00een noua componen\u021b\u0103, \u0219i exprimat\u0103 determinarea pentru a facilita buna func\u021bionare a acestuia.<\/p>\n\n\n<div class=\"news-detail__slider-wrap\"><div class=\"news-detail__slider\"><div class=\"news-detail__slider-item\"><img decoding=\"async\" src=\"https:\/\/gagauziadialogue.md\/wp-content\/uploads\/2022\/03\/277218308_1662368934107904_2539997790963352702_n.jpg\" alt=\"news\"><\/div><div class=\"news-detail__slider-item\"><img decoding=\"async\" src=\"https:\/\/gagauziadialogue.md\/wp-content\/uploads\/2022\/03\/277245502_1662369290774535_6534249107355392279_n.jpg\" alt=\"news\"><\/div><div class=\"news-detail__slider-item\"><img decoding=\"async\" src=\"https:\/\/gagauziadialogue.md\/wp-content\/uploads\/2022\/03\/277156718_1662368710774593_7878282712661076982_n.jpg\" alt=\"news\"><\/div><div class=\"news-detail__slider-item\"><img decoding=\"async\" src=\"https:\/\/gagauziadialogue.md\/wp-content\/uploads\/2022\/03\/277159842_1662369747441156_8167299160467823104_n.jpg\" alt=\"news\"><\/div><\/div><\/div>\n\n\n<p>Grupul de lucru pentru parlamentar privind G\u0103g\u0103uzia a fost creat la 20 noiembrie 2015 de c\u0103tre Pre\u0219edintele Parlamentului RM. Scopul activit\u0103\u021bii Grupului este de a \u00eembun\u0103t\u0103\u021bi func\u021bionarea Autonomiei g\u0103g\u0103uze \u00een cadrul constitu\u021bional al Republicii Moldova, av\u00e2nd la baz\u0103 Legea privind statutul special al G\u0103g\u0103uziei din anul 1994. GLG este constituit din num\u0103r egal de reprezentan\u021bi ai Parlamentului Republicii Moldova \u0219i Adun\u0103rii Populare a G\u0103g\u0103uziei. \u00cen procesul de dialog grupul se \u00eentrune\u0219te \u00een \u0219edin\u021be de tip formal \u0219i informal, cu scopul de a elabora solu\u021bii comune, problemelor comune. Grupul de lucru parlamentar privind G\u0103g\u0103uzia este unica \u0219i cea mai sustenabil\u0103 platform\u0103 de dialog politic institu\u021bional care lucreaz\u0103 asupra subiectelor legate de func\u021bion\u0103rii eficiente a UTA G\u0103g\u0103uzia.<\/p>\n\n\n\n<p>&#8212;<\/p>\n\n\n\n<p><em>Dialogul dintre deputa\u021bi ai Parlamentului \u0219i ai Adun\u0103rii Populare a G\u0103g\u0103uziei este facilitat de c\u0103tre CMI&nbsp;\u00een cadrul proiectului \u201eDialog privind G\u0103g\u0103uzia\u201d finan\u021bat de Suedia. Proiectul adun\u0103 legiuitori, exper\u021bi \u0219i p\u0103r\u021bi interesate din Chi\u0219in\u0103u, Comrat \u0219i din restul \u021b\u0103rii pentru a g\u0103si solu\u021bii comune care vor contribui la buna func\u021bionare a Autonomiei g\u0103g\u0103uze. Proiectul organizeaz\u0103 activit\u0103\u021bi pentru a spori dialogul prin intermediul \u00eent\u00e2lnirilor informale regulate, discu\u0163ii, ateliere \u015fi vizite de studiu, pentru a fortifica capacitatea acestora de implicare \u00een procesul de rezolvare a problemelor \u015fi asigurarea unui dialog sustenabil.<\/em><\/p>\n\n\n\n<p><em>CMI <\/em><em>\u2013 Funda\u021bia pentru pace Martti Ahtisaari <\/em><em>este o organiza\u021bie <\/em>finlandez\u0103, <em>fondat\u0103<\/em><em> \u00een anul 2000<\/em><em> de laureatul Premiului Nobel pentru Pace, ex-pre\u0219edintele Finlandei Martti Ahtisaar<\/em><em>i. <\/em><em>Eforturile organiza\u021biei sunt \u00eendreptate spre prevenirea \u0219i solu\u021bionarea conflictelor prin dialog \u0219i mediere<\/em><em>.<\/em><\/p>\n","protected":false},"excerpt":{"rendered":"<p>\u0218edin\u021ba de lansare a avut loc la 22 martie 2022<\/p>\n","protected":false},"author":1,"featured_media":27818,"comment_status":"open","ping_status":"open","sticky":false,"template":"","format":"standard","meta":{"footnotes":""},"categories":[269,124,131,114],"tags":[],"class_list":["post-27817","post","type-post","status-publish","format-standard","has-post-thumbnail","hentry","category-comunicate-de-presa-ro","category-dialogue-ro","category-parliamentary-working-group-ro","category-news-about-the-project-ro"],"yoast_head":"<!-- This site is optimized with the Yoast SEO plugin v26.8 - https:\/\/yoast.com\/product\/yoast-seo-wordpress\/ -->\n<title>Grupul de lucru parlamentar privind G\u0103g\u0103uzia \u00eencepe activitatea \u00een noua componen\u021b\u0103 - GagauziaDialogue<\/title>\n<meta name=\"robots\" content=\"index, follow, max-snippet:-1, max-image-preview:large, max-video-preview:-1\" \/>\n<link rel=\"canonical\" href=\"https:\/\/gagauziadialogue.md\/ro\/grupul-de-lucru-parlamentar-privind-gagauzia-si-a-lansat-activitatea-in-noua-componenta\/\" \/>\n<meta property=\"og:locale\" content=\"ro_RO\" \/>\n<meta property=\"og:type\" content=\"article\" \/>\n<meta property=\"og:title\" content=\"Grupul de lucru parlamentar privind G\u0103g\u0103uzia \u00eencepe activitatea \u00een noua componen\u021b\u0103 - GagauziaDialogue\" \/>\n<meta property=\"og:description\" content=\"\u0218edin\u021ba de lansare a avut loc la 22 martie 2022\" \/>\n<meta property=\"og:url\" content=\"https:\/\/gagauziadialogue.md\/ro\/grupul-de-lucru-parlamentar-privind-gagauzia-si-a-lansat-activitatea-in-noua-componenta\/\" \/>\n<meta property=\"og:site_name\" content=\"GagauziaDialogue\" \/>\n<meta property=\"article:published_time\" content=\"2022-03-23T08:44:48+00:00\" \/>\n<meta property=\"article:modified_time\" content=\"2023-11-29T09:11:58+00:00\" \/>\n<meta property=\"og:image\" content=\"https:\/\/gagauziadialogue.md\/wp-content\/uploads\/2022\/03\/276287421_518231462999479_1351655384396083002_n.jpg\" \/>\n\t<meta property=\"og:image:width\" content=\"1500\" \/>\n\t<meta property=\"og:image:height\" content=\"1000\" \/>\n\t<meta property=\"og:image:type\" content=\"image\/jpeg\" \/>\n<meta name=\"author\" content=\"admin\" \/>\n<meta name=\"twitter:card\" content=\"summary_large_image\" \/>\n<meta name=\"twitter:label1\" content=\"Scris de\" \/>\n\t<meta name=\"twitter:data1\" content=\"admin\" \/>\n\t<meta name=\"twitter:label2\" content=\"Timp estimat pentru citire\" \/>\n\t<meta name=\"twitter:data2\" content=\"3 minute\" \/>\n<script type=\"application\/ld+json\" class=\"yoast-schema-graph\">{\"@context\":\"https:\/\/schema.org\",\"@graph\":[{\"@type\":\"Article\",\"@id\":\"https:\/\/gagauziadialogue.md\/ro\/grupul-de-lucru-parlamentar-privind-gagauzia-si-a-lansat-activitatea-in-noua-componenta\/#article\",\"isPartOf\":{\"@id\":\"https:\/\/gagauziadialogue.md\/ro\/grupul-de-lucru-parlamentar-privind-gagauzia-si-a-lansat-activitatea-in-noua-componenta\/\"},\"author\":{\"name\":\"admin\",\"@id\":\"https:\/\/gagauziadialogue.md\/#\/schema\/person\/cc64f2901b8d1f3110cd8b010b35c4d0\"},\"headline\":\"Grupul de lucru parlamentar privind G\u0103g\u0103uzia \u00eencepe activitatea \u00een noua componen\u021b\u0103\",\"datePublished\":\"2022-03-23T08:44:48+00:00\",\"dateModified\":\"2023-11-29T09:11:58+00:00\",\"mainEntityOfPage\":{\"@id\":\"https:\/\/gagauziadialogue.md\/ro\/grupul-de-lucru-parlamentar-privind-gagauzia-si-a-lansat-activitatea-in-noua-componenta\/\"},\"wordCount\":694,\"commentCount\":0,\"publisher\":{\"@id\":\"https:\/\/gagauziadialogue.md\/#organization\"},\"image\":{\"@id\":\"https:\/\/gagauziadialogue.md\/ro\/grupul-de-lucru-parlamentar-privind-gagauzia-si-a-lansat-activitatea-in-noua-componenta\/#primaryimage\"},\"thumbnailUrl\":\"https:\/\/gagauziadialogue.md\/wp-content\/uploads\/2022\/03\/276287421_518231462999479_1351655384396083002_n.jpg\",\"articleSection\":[\"Comunicate de pres\u0103\",\"Dialog parlamentar\",\"Grupul de lucru parlamentar privind G\u0103g\u0103uzia\",\"Nout\u0103\u021bi\"],\"inLanguage\":\"ro-RO\",\"potentialAction\":[{\"@type\":\"CommentAction\",\"name\":\"Comment\",\"target\":[\"https:\/\/gagauziadialogue.md\/ro\/grupul-de-lucru-parlamentar-privind-gagauzia-si-a-lansat-activitatea-in-noua-componenta\/#respond\"]}]},{\"@type\":\"WebPage\",\"@id\":\"https:\/\/gagauziadialogue.md\/ro\/grupul-de-lucru-parlamentar-privind-gagauzia-si-a-lansat-activitatea-in-noua-componenta\/\",\"url\":\"https:\/\/gagauziadialogue.md\/ro\/grupul-de-lucru-parlamentar-privind-gagauzia-si-a-lansat-activitatea-in-noua-componenta\/\",\"name\":\"Grupul de lucru parlamentar privind G\u0103g\u0103uzia \u00eencepe activitatea \u00een noua componen\u021b\u0103 - GagauziaDialogue\",\"isPartOf\":{\"@id\":\"https:\/\/gagauziadialogue.md\/#website\"},\"primaryImageOfPage\":{\"@id\":\"https:\/\/gagauziadialogue.md\/ro\/grupul-de-lucru-parlamentar-privind-gagauzia-si-a-lansat-activitatea-in-noua-componenta\/#primaryimage\"},\"image\":{\"@id\":\"https:\/\/gagauziadialogue.md\/ro\/grupul-de-lucru-parlamentar-privind-gagauzia-si-a-lansat-activitatea-in-noua-componenta\/#primaryimage\"},\"thumbnailUrl\":\"https:\/\/gagauziadialogue.md\/wp-content\/uploads\/2022\/03\/276287421_518231462999479_1351655384396083002_n.jpg\",\"datePublished\":\"2022-03-23T08:44:48+00:00\",\"dateModified\":\"2023-11-29T09:11:58+00:00\",\"breadcrumb\":{\"@id\":\"https:\/\/gagauziadialogue.md\/ro\/grupul-de-lucru-parlamentar-privind-gagauzia-si-a-lansat-activitatea-in-noua-componenta\/#breadcrumb\"},\"inLanguage\":\"ro-RO\",\"potentialAction\":[{\"@type\":\"ReadAction\",\"target\":[\"https:\/\/gagauziadialogue.md\/ro\/grupul-de-lucru-parlamentar-privind-gagauzia-si-a-lansat-activitatea-in-noua-componenta\/\"]}]},{\"@type\":\"ImageObject\",\"inLanguage\":\"ro-RO\",\"@id\":\"https:\/\/gagauziadialogue.md\/ro\/grupul-de-lucru-parlamentar-privind-gagauzia-si-a-lansat-activitatea-in-noua-componenta\/#primaryimage\",\"url\":\"https:\/\/gagauziadialogue.md\/wp-content\/uploads\/2022\/03\/276287421_518231462999479_1351655384396083002_n.jpg\",\"contentUrl\":\"https:\/\/gagauziadialogue.md\/wp-content\/uploads\/2022\/03\/276287421_518231462999479_1351655384396083002_n.jpg\",\"width\":1500,\"height\":1000},{\"@type\":\"BreadcrumbList\",\"@id\":\"https:\/\/gagauziadialogue.md\/ro\/grupul-de-lucru-parlamentar-privind-gagauzia-si-a-lansat-activitatea-in-noua-componenta\/#breadcrumb\",\"itemListElement\":[{\"@type\":\"ListItem\",\"position\":1,\"name\":\"Home\",\"item\":\"https:\/\/gagauziadialogue.md\/ro\/\"},{\"@type\":\"ListItem\",\"position\":2,\"name\":\"Grupul de lucru parlamentar privind G\u0103g\u0103uzia \u00eencepe activitatea \u00een noua componen\u021b\u0103\"}]},{\"@type\":\"WebSite\",\"@id\":\"https:\/\/gagauziadialogue.md\/#website\",\"url\":\"https:\/\/gagauziadialogue.md\/\",\"name\":\"GagauziaDialogue\",\"description\":\"\",\"publisher\":{\"@id\":\"https:\/\/gagauziadialogue.md\/#organization\"},\"potentialAction\":[{\"@type\":\"SearchAction\",\"target\":{\"@type\":\"EntryPoint\",\"urlTemplate\":\"https:\/\/gagauziadialogue.md\/?s={search_term_string}\"},\"query-input\":{\"@type\":\"PropertyValueSpecification\",\"valueRequired\":true,\"valueName\":\"search_term_string\"}}],\"inLanguage\":\"ro-RO\"},{\"@type\":\"Organization\",\"@id\":\"https:\/\/gagauziadialogue.md\/#organization\",\"name\":\"GagauziaDialogue\",\"url\":\"https:\/\/gagauziadialogue.md\/\",\"logo\":{\"@type\":\"ImageObject\",\"inLanguage\":\"ro-RO\",\"@id\":\"https:\/\/gagauziadialogue.md\/#\/schema\/logo\/image\/\",\"url\":\"https:\/\/gagauziadialogue.md\/wp-content\/uploads\/2023\/06\/cropped-cropped-bulinuta-2-removebg-preview.png\",\"contentUrl\":\"https:\/\/gagauziadialogue.md\/wp-content\/uploads\/2023\/06\/cropped-cropped-bulinuta-2-removebg-preview.png\",\"width\":512,\"height\":512,\"caption\":\"GagauziaDialogue\"},\"image\":{\"@id\":\"https:\/\/gagauziadialogue.md\/#\/schema\/logo\/image\/\"}},{\"@type\":\"Person\",\"@id\":\"https:\/\/gagauziadialogue.md\/#\/schema\/person\/cc64f2901b8d1f3110cd8b010b35c4d0\",\"name\":\"admin\",\"image\":{\"@type\":\"ImageObject\",\"inLanguage\":\"ro-RO\",\"@id\":\"https:\/\/gagauziadialogue.md\/#\/schema\/person\/image\/\",\"url\":\"https:\/\/secure.gravatar.com\/avatar\/ecc7fc30f22cddac572278b8769f55d7?s=96&d=mm&r=g\",\"contentUrl\":\"https:\/\/secure.gravatar.com\/avatar\/ecc7fc30f22cddac572278b8769f55d7?s=96&d=mm&r=g\",\"caption\":\"admin\"},\"url\":\"https:\/\/gagauziadialogue.md\/ro\/author\/admin\/\"}]}<\/script>\n<!-- \/ Yoast SEO plugin. -->","yoast_head_json":{"title":"Grupul de lucru parlamentar privind G\u0103g\u0103uzia \u00eencepe activitatea \u00een noua componen\u021b\u0103 - GagauziaDialogue","robots":{"index":"index","follow":"follow","max-snippet":"max-snippet:-1","max-image-preview":"max-image-preview:large","max-video-preview":"max-video-preview:-1"},"canonical":"https:\/\/gagauziadialogue.md\/ro\/grupul-de-lucru-parlamentar-privind-gagauzia-si-a-lansat-activitatea-in-noua-componenta\/","og_locale":"ro_RO","og_type":"article","og_title":"Grupul de lucru parlamentar privind G\u0103g\u0103uzia \u00eencepe activitatea \u00een noua componen\u021b\u0103 - GagauziaDialogue","og_description":"\u0218edin\u021ba de lansare a avut loc la 22 martie 2022","og_url":"https:\/\/gagauziadialogue.md\/ro\/grupul-de-lucru-parlamentar-privind-gagauzia-si-a-lansat-activitatea-in-noua-componenta\/","og_site_name":"GagauziaDialogue","article_published_time":"2022-03-23T08:44:48+00:00","article_modified_time":"2023-11-29T09:11:58+00:00","og_image":[{"width":1500,"height":1000,"url":"https:\/\/gagauziadialogue.md\/wp-content\/uploads\/2022\/03\/276287421_518231462999479_1351655384396083002_n.jpg","type":"image\/jpeg"}],"author":"admin","twitter_card":"summary_large_image","twitter_misc":{"Scris de":"admin","Timp estimat pentru citire":"3 minute"},"schema":{"@context":"https:\/\/schema.org","@graph":[{"@type":"Article","@id":"https:\/\/gagauziadialogue.md\/ro\/grupul-de-lucru-parlamentar-privind-gagauzia-si-a-lansat-activitatea-in-noua-componenta\/#article","isPartOf":{"@id":"https:\/\/gagauziadialogue.md\/ro\/grupul-de-lucru-parlamentar-privind-gagauzia-si-a-lansat-activitatea-in-noua-componenta\/"},"author":{"name":"admin","@id":"https:\/\/gagauziadialogue.md\/#\/schema\/person\/cc64f2901b8d1f3110cd8b010b35c4d0"},"headline":"Grupul de lucru parlamentar privind G\u0103g\u0103uzia \u00eencepe activitatea \u00een noua componen\u021b\u0103","datePublished":"2022-03-23T08:44:48+00:00","dateModified":"2023-11-29T09:11:58+00:00","mainEntityOfPage":{"@id":"https:\/\/gagauziadialogue.md\/ro\/grupul-de-lucru-parlamentar-privind-gagauzia-si-a-lansat-activitatea-in-noua-componenta\/"},"wordCount":694,"commentCount":0,"publisher":{"@id":"https:\/\/gagauziadialogue.md\/#organization"},"image":{"@id":"https:\/\/gagauziadialogue.md\/ro\/grupul-de-lucru-parlamentar-privind-gagauzia-si-a-lansat-activitatea-in-noua-componenta\/#primaryimage"},"thumbnailUrl":"https:\/\/gagauziadialogue.md\/wp-content\/uploads\/2022\/03\/276287421_518231462999479_1351655384396083002_n.jpg","articleSection":["Comunicate de pres\u0103","Dialog parlamentar","Grupul de lucru parlamentar privind G\u0103g\u0103uzia","Nout\u0103\u021bi"],"inLanguage":"ro-RO","potentialAction":[{"@type":"CommentAction","name":"Comment","target":["https:\/\/gagauziadialogue.md\/ro\/grupul-de-lucru-parlamentar-privind-gagauzia-si-a-lansat-activitatea-in-noua-componenta\/#respond"]}]},{"@type":"WebPage","@id":"https:\/\/gagauziadialogue.md\/ro\/grupul-de-lucru-parlamentar-privind-gagauzia-si-a-lansat-activitatea-in-noua-componenta\/","url":"https:\/\/gagauziadialogue.md\/ro\/grupul-de-lucru-parlamentar-privind-gagauzia-si-a-lansat-activitatea-in-noua-componenta\/","name":"Grupul de lucru parlamentar privind G\u0103g\u0103uzia \u00eencepe activitatea \u00een noua componen\u021b\u0103 - GagauziaDialogue","isPartOf":{"@id":"https:\/\/gagauziadialogue.md\/#website"},"primaryImageOfPage":{"@id":"https:\/\/gagauziadialogue.md\/ro\/grupul-de-lucru-parlamentar-privind-gagauzia-si-a-lansat-activitatea-in-noua-componenta\/#primaryimage"},"image":{"@id":"https:\/\/gagauziadialogue.md\/ro\/grupul-de-lucru-parlamentar-privind-gagauzia-si-a-lansat-activitatea-in-noua-componenta\/#primaryimage"},"thumbnailUrl":"https:\/\/gagauziadialogue.md\/wp-content\/uploads\/2022\/03\/276287421_518231462999479_1351655384396083002_n.jpg","datePublished":"2022-03-23T08:44:48+00:00","dateModified":"2023-11-29T09:11:58+00:00","breadcrumb":{"@id":"https:\/\/gagauziadialogue.md\/ro\/grupul-de-lucru-parlamentar-privind-gagauzia-si-a-lansat-activitatea-in-noua-componenta\/#breadcrumb"},"inLanguage":"ro-RO","potentialAction":[{"@type":"ReadAction","target":["https:\/\/gagauziadialogue.md\/ro\/grupul-de-lucru-parlamentar-privind-gagauzia-si-a-lansat-activitatea-in-noua-componenta\/"]}]},{"@type":"ImageObject","inLanguage":"ro-RO","@id":"https:\/\/gagauziadialogue.md\/ro\/grupul-de-lucru-parlamentar-privind-gagauzia-si-a-lansat-activitatea-in-noua-componenta\/#primaryimage","url":"https:\/\/gagauziadialogue.md\/wp-content\/uploads\/2022\/03\/276287421_518231462999479_1351655384396083002_n.jpg","contentUrl":"https:\/\/gagauziadialogue.md\/wp-content\/uploads\/2022\/03\/276287421_518231462999479_1351655384396083002_n.jpg","width":1500,"height":1000},{"@type":"BreadcrumbList","@id":"https:\/\/gagauziadialogue.md\/ro\/grupul-de-lucru-parlamentar-privind-gagauzia-si-a-lansat-activitatea-in-noua-componenta\/#breadcrumb","itemListElement":[{"@type":"ListItem","position":1,"name":"Home","item":"https:\/\/gagauziadialogue.md\/ro\/"},{"@type":"ListItem","position":2,"name":"Grupul de lucru parlamentar privind G\u0103g\u0103uzia \u00eencepe activitatea \u00een noua componen\u021b\u0103"}]},{"@type":"WebSite","@id":"https:\/\/gagauziadialogue.md\/#website","url":"https:\/\/gagauziadialogue.md\/","name":"GagauziaDialogue","description":"","publisher":{"@id":"https:\/\/gagauziadialogue.md\/#organization"},"potentialAction":[{"@type":"SearchAction","target":{"@type":"EntryPoint","urlTemplate":"https:\/\/gagauziadialogue.md\/?s={search_term_string}"},"query-input":{"@type":"PropertyValueSpecification","valueRequired":true,"valueName":"search_term_string"}}],"inLanguage":"ro-RO"},{"@type":"Organization","@id":"https:\/\/gagauziadialogue.md\/#organization","name":"GagauziaDialogue","url":"https:\/\/gagauziadialogue.md\/","logo":{"@type":"ImageObject","inLanguage":"ro-RO","@id":"https:\/\/gagauziadialogue.md\/#\/schema\/logo\/image\/","url":"https:\/\/gagauziadialogue.md\/wp-content\/uploads\/2023\/06\/cropped-cropped-bulinuta-2-removebg-preview.png","contentUrl":"https:\/\/gagauziadialogue.md\/wp-content\/uploads\/2023\/06\/cropped-cropped-bulinuta-2-removebg-preview.png","width":512,"height":512,"caption":"GagauziaDialogue"},"image":{"@id":"https:\/\/gagauziadialogue.md\/#\/schema\/logo\/image\/"}},{"@type":"Person","@id":"https:\/\/gagauziadialogue.md\/#\/schema\/person\/cc64f2901b8d1f3110cd8b010b35c4d0","name":"admin","image":{"@type":"ImageObject","inLanguage":"ro-RO","@id":"https:\/\/gagauziadialogue.md\/#\/schema\/person\/image\/","url":"https:\/\/secure.gravatar.com\/avatar\/ecc7fc30f22cddac572278b8769f55d7?s=96&d=mm&r=g","contentUrl":"https:\/\/secure.gravatar.com\/avatar\/ecc7fc30f22cddac572278b8769f55d7?s=96&d=mm&r=g","caption":"admin"},"url":"https:\/\/gagauziadialogue.md\/ro\/author\/admin\/"}]}},"_links":{"self":[{"href":"https:\/\/gagauziadialogue.md\/ro\/wp-json\/wp\/v2\/posts\/27817","targetHints":{"allow":["GET"]}}],"collection":[{"href":"https:\/\/gagauziadialogue.md\/ro\/wp-json\/wp\/v2\/posts"}],"about":[{"href":"https:\/\/gagauziadialogue.md\/ro\/wp-json\/wp\/v2\/types\/post"}],"author":[{"embeddable":true,"href":"https:\/\/gagauziadialogue.md\/ro\/wp-json\/wp\/v2\/users\/1"}],"replies":[{"embeddable":true,"href":"https:\/\/gagauziadialogue.md\/ro\/wp-json\/wp\/v2\/comments?post=27817"}],"version-history":[{"count":7,"href":"https:\/\/gagauziadialogue.md\/ro\/wp-json\/wp\/v2\/posts\/27817\/revisions"}],"predecessor-version":[{"id":27917,"href":"https:\/\/gagauziadialogue.md\/ro\/wp-json\/wp\/v2\/posts\/27817\/revisions\/27917"}],"wp:featuredmedia":[{"embeddable":true,"href":"https:\/\/gagauziadialogue.md\/ro\/wp-json\/wp\/v2\/media\/27818"}],"wp:attachment":[{"href":"https:\/\/gagauziadialogue.md\/ro\/wp-json\/wp\/v2\/media?parent=27817"}],"wp:term":[{"taxonomy":"category","embeddable":true,"href":"https:\/\/gagauziadialogue.md\/ro\/wp-json\/wp\/v2\/categories?post=27817"},{"taxonomy":"post_tag","embeddable":true,"href":"https:\/\/gagauziadialogue.md\/ro\/wp-json\/wp\/v2\/tags?post=27817"}],"curies":[{"name":"wp","href":"https:\/\/api.w.org\/{rel}","templated":true}]}}